{"id":10298,"date":"2022-08-05T14:37:04","date_gmt":"2022-08-05T12:37:04","guid":{"rendered":"https:\/\/circuitfrancobelge.com\/?p=10298"},"modified":"2022-08-07T13:01:28","modified_gmt":"2022-08-07T11:01:28","slug":"communique-de-presse-81e-edition","status":"publish","type":"post","link":"https:\/\/circuitfrancobelge.com\/index.php\/2022\/08\/05\/communique-de-presse-81e-edition\/","title":{"rendered":"Communiqu\u00e9 de presse 81e \u00e9dition"},"content":{"rendered":"\n<p><strong><mark style=\"background-color:rgba(0, 0, 0, 0)\" class=\"has-inline-color has-ast-global-color-0-color\">Mercredi 10 ao\u00fbt 2022 \u2013 Circuit Franco Belge, 10e et avant-derni\u00e8re manche de l\u2019Exterioo Cycling Cup Girmay, Kristoff, Van Avermaet et De Lie \u00e0 l\u2019affiche du nouveau Circuit Franco Belge<\/mark><\/strong><\/p>\n\n\n\n<p><em>L\u2019Exterioo Cycling Cup reprend ses droits ce 10 ao\u00fbt \u00e0 l\u2019occasion de la dixi\u00e8me et avant-derni\u00e8re manche de ce prestigieux crit\u00e9rium de r\u00e9gularit\u00e9 belgo-n\u00e9erlandais: le Circuit Franco Belge. Un tout nouveau parcours de 175 km et 17 ascensions attend les coureurs entre Tournai et La Louvi\u00e8re. Arnaud De Lie y d\u00e9fend sa place de leader de l\u2019Exterioo Cycling Cup. Il devra notamment composer avec Biniam Girmay, Alexander Kristoff et Greg Van Avermaet.<\/em><\/p>\n\n\n\n<p>Le Circuit Franco Belge est pratiquement centenaire. Course \u00e0 \u00e9tapes franco-belge lors de sa cr\u00e9ation en 1924, l\u2019\u00e9preuve est devenue depuis le d\u00e9but du si\u00e8cle un rendez-vous important pour sprinters. Disput\u00e9 en plusieurs \u00e9tapes jusqu\u2019en 2015, le Circuit Franco Belge poursuit depuis lors en tant que course d\u2019un jour. L\u2019Australien Robbie McEwen a inscrit son nom au palmar\u00e8s \u00e0 deux reprises et partage ce record avec quatre Belges (Julien Vervaecke, Alfons Ghesquiere, Cyriel Van Overberghe et Georges Dequesne) et le Suisse Benno Wiss.<\/p>\n\n\n\n<p>Ces derni\u00e8res ann\u00e9es, la course fut successivement d\u00e9nomm\u00e9e Tour de Wallonie-Picarde et Eurom\u00e9tropole Tour mais l\u2019ancien nom de Circuit Franco Belge est remis \u00e0 l\u2019honneur cette ann\u00e9e. Le Circuit Franco Belge en est \u00e0 sa 81<sup>\u00e8me<\/sup>&nbsp;\u00e9dition ce mercredi 10 ao\u00fbt et est organis\u00e9 par le Royal Cazeau P\u00e9dale de Templeuve en collaboration avec Golazo et Pro Cycling Events. Le peloton s\u2019\u00e9lancera \u00e0 13h de la Place Paul-Emile Janson \u00e0 Tournai, qui constituait encore la ville d\u2019arriv\u00e9e l\u2019an dernier. Le d\u00e9part officiel est ensuite pr\u00e9vu trois kilom\u00e8tres plus loin \u00e0 Rumillies, section de l\u2019entit\u00e9 de Tournai.<\/p>\n\n\n\n<p><strong>Du costaud dans la boucle locale<\/strong><\/p>\n\n\n\n<p>Apr\u00e8s un d\u00e9but d\u2019\u00e9tape d\u2019environ quatre-vingts kilom\u00e8tres et des passages par Ellezelles, Flobecq, Lessines et Soignies (avec notamment les ascensions du Bourliquet et du Beau Site), le peloton atteindra La Louvi\u00e8re, th\u00e9\u00e2tre du d\u00e9part l\u2019an dernier. Les coureurs y effectueront alors quatre tours complets sur un circuit local de 20 km. La course a pris pour habitude de s\u2019achever au sprint, \u00e0 l\u2019image de la victoire de Fabio Jakobsen l\u2019an dernier, mais les ascensions de la Rue Secquegneau, du Bois de Breucq et du Four \u00e0 Chaux pourraient bien cette fois freiner les ardeurs des sprinters. La Rue Secquegneau se trouve au c\u00e9l\u00e8bre ascenseur \u00e0 bateaux de Str\u00e9py-Thieu. Le sommet du Four \u00e0 Chaux (400 m \u00e0 du 8%) est quant \u00e0 lui situ\u00e9 \u00e0 moins de 3 km de l\u2019arriv\u00e9e.<\/p>\n\n\n\n<p>Cinq sprints interm\u00e9diaires sont par ailleurs r\u00e9partis sur le parcours: le Souvenir Claudy Criquielion, le Souvenir Jimmy Duquennoy, le Souvenir Wouter Weylandt, le Souvenir Antoine Demoiti\u00e9 et le Souvenir Bruno Dubois.<\/p>\n\n\n\n<p><strong>De Lie peut valider<\/strong><\/p>\n\n\n\n<p>Tim Declercq arborera pour l\u2019occasion le dossard num\u00e9ro 1. Ses \u00e9quipiers chez Quick Step-Alpha Vinyl mercredi se nomment Iljo Keisse, Pieter Serry, Stijn Steels, Bert Van Lerberghe, Stan Van Tricht et Ethan Vernon.<\/p>\n\n\n\n<p>C\u2019est chez Lotto Soudal que l\u2019on retrouve l\u2019un des favoris du Circuit Franco Belge et le grand favori \u00e0 la victoire finale de l\u2019Exterioo Cycling Cup. Arnaud De Lie, c\u2019est de lui dont il s\u2019agit, a en effet remport\u00e9 cette saison le GP Monser\u00e9 et la Marcel Kint Classic. Apr\u00e8s neuf manches, il est ainsi un solide leader du classement de l\u2019Exterioo Cycling Cup. Et le talentueux coureur de 20 ans venu de la Province du Luxembourg pourrait s\u2019assurer la victoire finale d\u00e8s mercredi. Avec entre autres Victor Campenaerts, Brent Van Moer et Florian Vermeersch, De Lie sera bien entour\u00e9 au sein de sa formation.<\/p>\n\n\n\n<p><strong>Kristoff, Girmay &amp; Van Avermaet<\/strong><\/p>\n\n\n\n<p>De Lie ne sera bien \u00e9videmment pas le seul homme rapide du peloton pr\u00e9sent au d\u00e9part. Il devra notamment compter avec Edward Theuns (Trek-Segafredo), Alberto Dainese (DSM), Jakub Mareczko (Alpecin-Deceuninck), Nicolo Bonifazio (TotalEnergies), Bryan Coquard (Cofidis), Piet Allegaert (Cofidis), Sasha Weemaes (Sport Vlaanderen-Baloise), Timothy Dupont (Bingoal Pauwels Sauces), Kristoffer Halvorsen (Uno X) et Alexander Kristoff (Intermarche-Wanty-Gobert). Du c\u00f4t\u00e9 de chez Intermarche-Wanty-Gobert, il faudra \u00e9galement suivre Biniam Girmay (Intermarche-Wanty-Gobert). Solide et v\u00e9loce, l\u2019Erythr\u00e9en de 22 ans a d\u00e9j\u00e0 brill\u00e9 cette saison avec des succ\u00e8s \u00e0 Gand-Wevelgem et au Giro.<\/p>\n\n\n\n<p>AG2R-Citro\u00ebn s\u2019alignera pour sa part \u00e0 Tournai avec dans ses rangs l\u2019ancien champion olympique Greg Van Avermaet et l\u2019ancien champion de Belgique Oliver Naesen. Soit deux hommes capables de faire la diff\u00e9rence dans les difficult\u00e9s du circuit local. Dries De Bondt (Alpecin-Deceuninck), un autre ancien champion de Belgique et vainqueur lui aussi d\u2019une \u00e9tape du Giro cette ann\u00e9e, poss\u00e8de \u00e9galement le punch n\u00e9cessaire pour se distinguer \u00e0 La Louvi\u00e8re.<\/p>\n\n\n\n<p><strong>TV<\/strong><\/p>\n\n\n\n<p>Le Circuit Franco Belge est retransmis en direct mercredi d\u00e8s 15h15 sur la <a href=\"https:\/\/www.rtbf.be\/auvio\/direct_cyclisme-les-courses-completes?lid=407692#\/\" target=\"_blank\" rel=\"noreferrer noopener\">RTBF<\/a> et Sporza.<\/p>\n\n\n\n<p><strong>Calendrier de l\u2019Exterioo Cycling Cup<\/strong><\/p>\n\n\n\n<p>01\/03 &#8211;&nbsp;GP Le Samyn (Matteo Trentin)<br>06\/03&nbsp;&#8211; GP Monser\u00e9 (Arnaud De Lie)<br>13\/03&nbsp;&#8211; Ronde van Drenthe (Dries Van Gestel)<br>21\/05&nbsp;&#8211;&nbsp;Veenendaal \u2013 Veenendaal (Dylan Groenewegen)<br>22\/05&nbsp;&#8211;&nbsp;Antwerp Port Epic (Florian Vermeersch)<br>26\/05&nbsp;&#8211; Circuit de Wallonie (Andrea Pasqualon)<br>29\/05&nbsp;&#8211; Marcel Kint Classic (Arnaud De Lie)<br>11\/06&nbsp;&#8211;&nbsp;Dwars door het Hageland (Oscar Riesebeek)<br>12\/06&nbsp;&#8211;&nbsp;Euro Shop Elfstedenronde (Fabio Jakobsen)<br>10\/08&nbsp;&#8211;&nbsp;Circuit Franco Belge<br>16\/09 &#8211;&nbsp;Kampioenschap van Vlaanderen<\/p>\n\n\n\n<p><strong>Classement apr\u00e8s 9 manches:<\/strong><\/p>\n\n\n\n<p>1. Arnaud De Lie 73 points<br>2. Gerben Thijssen 49<br>3. Hugo Hofstetter 40<br>4. Dries De Bondt 35<br>5. Piet Allegaert 32<br>6. Pierre Barbier 29<br>7. Gianni Vermeersch 28<br>8. Andrea Pasqualon 27<br>9. Dries Van Gestel 25<br>10. Lionel Taminiaux 25<\/p>\n\n\n\n<p><strong>Participants<\/strong><\/p>\n\n\n\n<p>Cliquez&nbsp;<a href=\"https:\/\/circuitfrancobelge.com\/wp-content\/uploads\/2022\/08\/LISTE-DES-PARTANTS-FRANCO-BELGE.pdf\">ICI<\/a>&nbsp;pour t\u00e9l\u00e9charger la liste des participants du Circuit Franco Belge.<\/p>\n","protected":false},"excerpt":{"rendered":"<p>Mercredi 10 ao\u00fbt 2022 \u2013 Circuit Franco Belge, 10e et avant-derni\u00e8re manche de l\u2019Exterioo Cycling Cup Girmay, Kristoff, Van Avermaet et De Lie \u00e0 l\u2019affiche du nouveau Circuit Franco Belge L\u2019Exterioo Cycling Cup reprend ses droits ce 10 ao\u00fbt \u00e0 l\u2019occasion de la dixi\u00e8me et avant-derni\u00e8re manche de ce prestigieux crit\u00e9rium de r\u00e9gularit\u00e9 belgo-n\u00e9erlandais: le &hellip;<\/p>\n<p class=\"read-more\"> <a class=\"\" href=\"https:\/\/circuitfrancobelge.com\/index.php\/2022\/08\/05\/communique-de-presse-81e-edition\/\"> <span class=\"screen-reader-text\">Communiqu\u00e9 de presse 81e \u00e9dition<\/span> Lire la suite\u00a0\u00bb<\/a><\/p>\n","protected":false},"author":1,"featured_media":2028,"comment_status":"closed","ping_status":"closed","sticky":false,"template":"","format":"standard","meta":{"site-sidebar-layout":"default","site-content-layout":"default","ast-global-header-display":"","ast-main-header-display":"","ast-hfb-above-header-display":"","ast-hfb-below-header-display":"","ast-hfb-mobile-header-display":"","site-post-title":"","ast-breadcrumbs-content":"","ast-featured-img":"disabled","footer-sml-layout":"","theme-transparent-header-meta":"","adv-header-id-meta":"","stick-header-meta":"","header-above-stick-meta":"","header-main-stick-meta":"","header-below-stick-meta":"","pgc_sgb_lightbox_settings":"","footnotes":""},"categories":[35],"tags":[],"class_list":["post-10298","post","type-post","status-publish","format-standard","has-post-thumbnail","hentry","category-news"],"_links":{"self":[{"href":"https:\/\/circuitfrancobelge.com\/index.php\/wp-json\/wp\/v2\/posts\/10298","targetHints":{"allow":["GET"]}}],"collection":[{"href":"https:\/\/circuitfrancobelge.com\/index.php\/wp-json\/wp\/v2\/posts"}],"about":[{"href":"https:\/\/circuitfrancobelge.com\/index.php\/wp-json\/wp\/v2\/types\/post"}],"author":[{"embeddable":true,"href":"https:\/\/circuitfrancobelge.com\/index.php\/wp-json\/wp\/v2\/users\/1"}],"replies":[{"embeddable":true,"href":"https:\/\/circuitfrancobelge.com\/index.php\/wp-json\/wp\/v2\/comments?post=10298"}],"version-history":[{"count":11,"href":"https:\/\/circuitfrancobelge.com\/index.php\/wp-json\/wp\/v2\/posts\/10298\/revisions"}],"predecessor-version":[{"id":10390,"href":"https:\/\/circuitfrancobelge.com\/index.php\/wp-json\/wp\/v2\/posts\/10298\/revisions\/10390"}],"wp:featuredmedia":[{"embeddable":true,"href":"https:\/\/circuitfrancobelge.com\/index.php\/wp-json\/wp\/v2\/media\/2028"}],"wp:attachment":[{"href":"https:\/\/circuitfrancobelge.com\/index.php\/wp-json\/wp\/v2\/media?parent=10298"}],"wp:term":[{"taxonomy":"category","embeddable":true,"href":"https:\/\/circuitfrancobelge.com\/index.php\/wp-json\/wp\/v2\/categories?post=10298"},{"taxonomy":"post_tag","embeddable":true,"href":"https:\/\/circuitfrancobelge.com\/index.php\/wp-json\/wp\/v2\/tags?post=10298"}],"curies":[{"name":"wp","href":"https:\/\/api.w.org\/{rel}","templated":true}]}}