{"id":11374,"date":"2023-09-25T21:08:54","date_gmt":"2023-09-25T19:08:54","guid":{"rendered":"https:\/\/circuitfrancobelge.com\/?p=11374"},"modified":"2023-09-25T21:08:55","modified_gmt":"2023-09-25T19:08:55","slug":"le-franco-belge-2023-sans-mathieu-van-der-poel","status":"publish","type":"post","link":"https:\/\/circuitfrancobelge.com\/index.php\/2023\/09\/25\/le-franco-belge-2023-sans-mathieu-van-der-poel\/","title":{"rendered":"LE FRANCO-BELGE 2023 SANS MATHIEU VAN DER POEL"},"content":{"rendered":"\n<p>L\u2019\u00e9quipe Alpecin-Deceuninck nous a fait part de l\u2019arr\u00eat de la saison du Champion du monde, Mathieu Van der Poel. Il ne sera donc pas pr\u00e9sent ce jeudi 28 septembre. Il sera remplac\u00e9 par son co-\u00e9quiper Jasper Philipsen, Maillot vert et vainqueur de 4 \u00e9tapes du Tour de France et 2e de Paris-Roubaix cette ann\u00e9e.<\/p>\n\n\n\n<p>Mais, cette \u00e9dition comporte d\u2019autres grands noms du cyclisme comme Kasper Asgreen et Florian S\u00e9n\u00e9chal (Soudal Quick-Step), Arnaud De Lie et Victor Campenaerts (Lotto Dstny), Greg Van Avermaet et Oliver Naesen (AG2R Citro\u00ebn), Axel Zingle et Bryan Coquard (Cofidis), Nacer Bouhanni et Kevin Vauquelin (Ark\u00e9a Samsic), Girmay Hailu Biniam (Intermarch\u00e9 Circus Wanty), Matteo Moschetti (Q-36 Pro Cycling), Anthony Turgis et Dries Van gestel (TotalEnergies), Jasper Stuyven (Lidl-Trek) ainsi que Tobias Johanessen&nbsp;et Rasmus Tiller (Uno-X).<\/p>\n\n\n\n<p>Rendez-vous ce jeudi 28 septembre au Pont des Trous \u00e0 Tournai.<\/p>\n\n\n\n<figure class=\"wp-block-image aligncenter size-large\"><img loading=\"lazy\" decoding=\"async\" width=\"1024\" height=\"682\" src=\"https:\/\/circuitfrancobelge.com\/wp-content\/uploads\/2023\/09\/JASPER-PHILIPSEN-1024x682.jpg\" alt=\"\" class=\"wp-image-11375\" style=\"object-fit:cover\" srcset=\"https:\/\/circuitfrancobelge.com\/wp-content\/uploads\/2023\/09\/JASPER-PHILIPSEN-1024x682.jpg 1024w, https:\/\/circuitfrancobelge.com\/wp-content\/uploads\/2023\/09\/JASPER-PHILIPSEN-300x200.jpg 300w, https:\/\/circuitfrancobelge.com\/wp-content\/uploads\/2023\/09\/JASPER-PHILIPSEN-768x512.jpg 768w, https:\/\/circuitfrancobelge.com\/wp-content\/uploads\/2023\/09\/JASPER-PHILIPSEN-1536x1024.jpg 1536w, https:\/\/circuitfrancobelge.com\/wp-content\/uploads\/2023\/09\/JASPER-PHILIPSEN-1200x800.jpg 1200w, https:\/\/circuitfrancobelge.com\/wp-content\/uploads\/2023\/09\/JASPER-PHILIPSEN.jpg 1772w\" sizes=\"auto, (max-width: 1024px) 100vw, 1024px\" \/><\/figure>\n","protected":false},"excerpt":{"rendered":"<p>L\u2019\u00e9quipe Alpecin-Deceuninck nous a fait part de l\u2019arr\u00eat de la saison du Champion du monde, Mathieu Van der Poel. Il ne sera donc pas pr\u00e9sent ce jeudi 28 septembre. Il sera remplac\u00e9 par son co-\u00e9quiper Jasper Philipsen, Maillot vert et vainqueur de 4 \u00e9tapes du Tour de France et 2e de Paris-Roubaix cette ann\u00e9e. Mais, &hellip;<\/p>\n<p class=\"read-more\"> <a class=\"\" href=\"https:\/\/circuitfrancobelge.com\/index.php\/2023\/09\/25\/le-franco-belge-2023-sans-mathieu-van-der-poel\/\"> <span class=\"screen-reader-text\">LE FRANCO-BELGE 2023 SANS MATHIEU VAN DER POEL<\/span> Lire la suite\u00a0\u00bb<\/a><\/p>\n","protected":false},"author":1,"featured_media":11375,"comment_status":"closed","ping_status":"closed","sticky":false,"template":"","format":"standard","meta":{"site-sidebar-layout":"default","site-content-layout":"default","ast-global-header-display":"","ast-main-header-display":"","ast-hfb-above-header-display":"","ast-hfb-below-header-display":"","ast-hfb-mobile-header-display":"","site-post-title":"","ast-breadcrumbs-content":"","ast-featured-img":"disabled","footer-sml-layout":"","theme-transparent-header-meta":"","adv-header-id-meta":"","stick-header-meta":"","header-above-stick-meta":"","header-main-stick-meta":"","header-below-stick-meta":"","pgc_sgb_lightbox_settings":"","footnotes":""},"categories":[35],"tags":[],"class_list":["post-11374","post","type-post","status-publish","format-standard","has-post-thumbnail","hentry","category-news"],"_links":{"self":[{"href":"https:\/\/circuitfrancobelge.com\/index.php\/wp-json\/wp\/v2\/posts\/11374","targetHints":{"allow":["GET"]}}],"collection":[{"href":"https:\/\/circuitfrancobelge.com\/index.php\/wp-json\/wp\/v2\/posts"}],"about":[{"href":"https:\/\/circuitfrancobelge.com\/index.php\/wp-json\/wp\/v2\/types\/post"}],"author":[{"embeddable":true,"href":"https:\/\/circuitfrancobelge.com\/index.php\/wp-json\/wp\/v2\/users\/1"}],"replies":[{"embeddable":true,"href":"https:\/\/circuitfrancobelge.com\/index.php\/wp-json\/wp\/v2\/comments?post=11374"}],"version-history":[{"count":1,"href":"https:\/\/circuitfrancobelge.com\/index.php\/wp-json\/wp\/v2\/posts\/11374\/revisions"}],"predecessor-version":[{"id":11376,"href":"https:\/\/circuitfrancobelge.com\/index.php\/wp-json\/wp\/v2\/posts\/11374\/revisions\/11376"}],"wp:featuredmedia":[{"embeddable":true,"href":"https:\/\/circuitfrancobelge.com\/index.php\/wp-json\/wp\/v2\/media\/11375"}],"wp:attachment":[{"href":"https:\/\/circuitfrancobelge.com\/index.php\/wp-json\/wp\/v2\/media?parent=11374"}],"wp:term":[{"taxonomy":"category","embeddable":true,"href":"https:\/\/circuitfrancobelge.com\/index.php\/wp-json\/wp\/v2\/categories?post=11374"},{"taxonomy":"post_tag","embeddable":true,"href":"https:\/\/circuitfrancobelge.com\/index.php\/wp-json\/wp\/v2\/tags?post=11374"}],"curies":[{"name":"wp","href":"https:\/\/api.w.org\/{rel}","templated":true}]}}