{"id":13391,"date":"2025-08-09T20:21:35","date_gmt":"2025-08-09T18:21:35","guid":{"rendered":"https:\/\/circuitfrancobelge.com\/?p=13391"},"modified":"2025-08-09T20:21:36","modified_gmt":"2025-08-09T18:21:36","slug":"communique-de-presse-persbericht","status":"publish","type":"post","link":"https:\/\/circuitfrancobelge.com\/index.php\/2025\/08\/09\/communique-de-presse-persbericht\/","title":{"rendered":"COMMUNIQUE DE PRESSE &#8211; PERSBERICHT"},"content":{"rendered":"\n<p>Tournai, le 8 ao\u00fbt 2025<\/p>\n\n\n\n<p><em><strong>Le 84\u1d49 Circuit Franco-Belge, une course d\u2019un jour class\u00e9e UCI ProSeries, se d\u00e9roulera le vendredi 15 ao\u00fbt entre Tournai et le Mont-de-l\u2019Enclus. Cette \u00e9dition fait une nouvelle fois partie de la Lotto Belgium Cup, la Coupe de Belgique de cyclisme sur route.<\/strong><\/em><\/p>\n\n\n\n<p><strong>Un trac\u00e9 exigeant et embl\u00e9matique<\/strong><br>Le d\u00e9part sera donn\u00e9 depuis la somptueuse Grand&rsquo;place de Tournai, avec sa cath\u00e9drale, son beffroi et sa Halle aux Draps. Le parcours totalise 206,7 km, comprenant une boucle initiale de 77,6 km avec le Mont-Saint-Aubert, suivie de cinq circuits locaux de 22,6 km, jalonn\u00e9s des c\u00f4tes du Horlitin, de la Trieu-Knokteberg, et de la mont\u00e9e finale vers le Mont-de-l\u2019Enclus, lieu embl\u00e9matique de l\u2019arriv\u00e9e de la course.<\/p>\n\n\n\n<p><strong>Des favoris confirm\u00e9s pour une course explosive<\/strong><br><strong>Arnaud De Lie<\/strong>, de retour en grande forme apr\u00e8s un Tour de France convaincant, sera au d\u00e9part de cette 84\u1d49 \u00e9dition.<br>Deux vainqueurs d\u2019\u00e9tapes sur la Grande Boucle seront \u00e9galement de la partie :<br><strong>\u2022 Jonas Abrahamsen,<\/strong>&nbsp;vainqueur de la 11\u1d49 \u00e9tape<br><strong>\u2022 Kaden Groves,<\/strong>&nbsp;vainqueur de la 20\u1d49 \u00e9tape<br>Il faudra aussi surveiller de pr\u00e8s&nbsp;<strong>Emilien Jeanni\u00e8re<\/strong>, laur\u00e9at de la Belgium Cycling Cup 2024&#8230;<br>Vous pourrez d\u00e9couvrir l\u2019ensemble des coureurs et des \u00e9quipes de cette \u00e9dition 2025.<\/p>\n\n\n\n<p><strong>Une \u00e9preuve importante dans la Lotto Belgium Cup<\/strong><br>Le Circuit Franco\u2011Belge compte comme l\u2019une des sept manches de la Lotto Belgium Cup 2025. Le classement g\u00e9n\u00e9ral individuel s\u2019appuie sur un syst\u00e8me de points attribu\u00e9s aux 15 premiers de chaque course, avec une distinction suppl\u00e9mentaire pour les coureurs les plus combatifs.<\/p>\n\n\n\n<p><strong>Rappel : un embl\u00e8me du cyclisme belge<\/strong><br>Cr\u00e9\u00e9 en 1924, le Circuit Franco\u2011Belge est un monument du patrimoine cycliste, embl\u00e9matique des classiques wallonnes. La commune du Mont\u2011de\u2011l\u2019Enclus accueille l\u2019arriv\u00e9e depuis 2023, offrant un&nbsp;finish plus s\u00e9lectif et spectaculaire.<\/p>\n\n\n\n<p><strong>Organisation : Royal Cazeau P\u00e9dale Templeuve &amp; Golazo<\/strong><br>Pr\u00e9sident : Philippe Baeghe<br>Directeur de course : Louis Cousaert<br>Responsable \u00e9quipes : Lenny Keups<br>Responsable presse : Guy Vermeiren<\/p>\n\n\n\n<p>Nous vous accueillerons avec plaisir vendredi prochain, 15 ao\u00fbt, &nbsp;\u00e0 la Halle aux Draps \u00e0 Tournai.<\/p>\n\n\n\n<p><em>Le Comit\u00e9 d\u2019organisation<\/em><\/p>\n\n\n\n<p><strong><u>PERSBERICHT<\/u><\/strong><\/p>\n\n\n\n<p>Doornik, 8 augustus 2025<br><strong><em><br>De 84ste Franco-Belgische Circuit, een eendagswedstrijd van de UCI ProSeries, vindt plaats op vrijdag 15 augustus tussen Doornik en Mont-de-l\u2019Enclus. Deze editie maakt opnieuw deel uit van de Lotto Belgium Cup, de Belgische beker voor wegwielrennen.<\/em><\/strong><\/p>\n\n\n\n<p><strong>Een veeleisend en emblematisch parcours<\/strong><br>Het startschot wordt gegeven op de prachtige Grote Markt van Doornik, met zijn kathedraal, belfort en Lakenhal. Het parcours bedraagt in totaal 206,7 km, met een eerste lus van 77,6 km langs de Mont-Saint-Aubert, gevolgd door vijf lokale ronden van 22,6 km, met beklimmingen van de Horlitin, de Trieu-Knokteberg en de slotklim naar Mont-de-l\u2019Enclus, de iconische aankomstplaats van de wedstrijd.<\/p>\n\n\n\n<p><strong>Topfavorieten voor een explosieve koers<\/strong><br><strong>Arnaud De Lie<\/strong>, terug in topvorm na een overtuigende Tour de France, staat aan de start van deze 84ste editie.<br>Twee ritwinnaars van de Grote Ronde zijn eveneens van de partij:<br><strong>\u2022 Jonas Abrahamsen,<\/strong>&nbsp;winnaar van de 11de etappe<br><strong>\u2022 Kaden Groves,<\/strong>&nbsp;winnaar van de 20ste etappe<br>Ook&nbsp;<strong>Emilien Jeanni\u00e8re,<\/strong>&nbsp;winnaar van de Belgium Cycling Cup 2024, is een renner om in de gaten te houden&#8230;<br>Binnenkort kunt u alle renners en ploegen van deze editie 2025 ontdekken.<\/p>\n\n\n\n<p><strong>Een belangrijke manche in de Lotto Belgium Cup<\/strong><br>Het Franco-Belgische Circuit is een van de zeven manches van de Lotto Belgium Cup 2025. Het individuele klassement wordt opgemaakt via een puntensysteem voor de eerste 15 renners in elke wedstrijd, met een extra onderscheiding voor de strijdlustigste renners.<\/p>\n\n\n\n<p><strong>Een icoon van het Belgische wielrennen<\/strong><br>Het in 1924 opgerichte Franco-Belgische Circuit is een monument van het wielererfgoed, en een toonbeeld van de Waalse klassiekers. Sinds 2023 ontvangt de gemeente Mont-de-l\u2019Enclus de aankomst, wat zorgt voor een selectiever en spectaculairder slot.<\/p>\n\n\n\n<p><strong>Organisatie: Royal Cazeau P\u00e9dale Templeuve &amp; Golazo<\/strong><br>Voorzitter: Philippe Baeghe<br>Koersdirecteur: Louis Cousaert<br>Ploegenverantwoordelijke: Lenny Keups<br>Persverantwoordelijke: Guy Vermeiren<\/p>\n\n\n\n<p>Wij heten u van harte welkom op vrijdag 15 augustus in de Lakenhal in Doornik.<\/p>\n\n\n\n<p><em>Het organisatiecomit\u00e9<\/em><\/p>\n","protected":false},"excerpt":{"rendered":"<p>Tournai, le 8 ao\u00fbt 2025 Le 84\u1d49 Circuit Franco-Belge, une course d\u2019un jour class\u00e9e UCI ProSeries, se d\u00e9roulera le vendredi 15 ao\u00fbt entre Tournai et le Mont-de-l\u2019Enclus. Cette \u00e9dition fait une nouvelle fois partie de la Lotto Belgium Cup, la Coupe de Belgique de cyclisme sur route. Un trac\u00e9 exigeant et embl\u00e9matiqueLe d\u00e9part sera donn\u00e9 &hellip;<\/p>\n<p class=\"read-more\"> <a class=\"\" href=\"https:\/\/circuitfrancobelge.com\/index.php\/2025\/08\/09\/communique-de-presse-persbericht\/\"> <span class=\"screen-reader-text\">COMMUNIQUE DE PRESSE &#8211; PERSBERICHT<\/span> Lire la suite\u00a0\u00bb<\/a><\/p>\n","protected":false},"author":1,"featured_media":13343,"comment_status":"closed","ping_status":"closed","sticky":false,"template":"","format":"standard","meta":{"site-sidebar-layout":"default","site-content-layout":"default","ast-global-header-display":"","ast-main-header-display":"","ast-hfb-above-header-display":"","ast-hfb-below-header-display":"","ast-hfb-mobile-header-display":"","site-post-title":"","ast-breadcrumbs-content":"","ast-featured-img":"disabled","footer-sml-layout":"","theme-transparent-header-meta":"","adv-header-id-meta":"","stick-header-meta":"","header-above-stick-meta":"","header-main-stick-meta":"","header-below-stick-meta":"","pgc_sgb_lightbox_settings":"","footnotes":""},"categories":[633,35],"tags":[],"class_list":["post-13391","post","type-post","status-publish","format-standard","has-post-thumbnail","hentry","category-84e-edition","category-news"],"_links":{"self":[{"href":"https:\/\/circuitfrancobelge.com\/index.php\/wp-json\/wp\/v2\/posts\/13391","targetHints":{"allow":["GET"]}}],"collection":[{"href":"https:\/\/circuitfrancobelge.com\/index.php\/wp-json\/wp\/v2\/posts"}],"about":[{"href":"https:\/\/circuitfrancobelge.com\/index.php\/wp-json\/wp\/v2\/types\/post"}],"author":[{"embeddable":true,"href":"https:\/\/circuitfrancobelge.com\/index.php\/wp-json\/wp\/v2\/users\/1"}],"replies":[{"embeddable":true,"href":"https:\/\/circuitfrancobelge.com\/index.php\/wp-json\/wp\/v2\/comments?post=13391"}],"version-history":[{"count":1,"href":"https:\/\/circuitfrancobelge.com\/index.php\/wp-json\/wp\/v2\/posts\/13391\/revisions"}],"predecessor-version":[{"id":13392,"href":"https:\/\/circuitfrancobelge.com\/index.php\/wp-json\/wp\/v2\/posts\/13391\/revisions\/13392"}],"wp:featuredmedia":[{"embeddable":true,"href":"https:\/\/circuitfrancobelge.com\/index.php\/wp-json\/wp\/v2\/media\/13343"}],"wp:attachment":[{"href":"https:\/\/circuitfrancobelge.com\/index.php\/wp-json\/wp\/v2\/media?parent=13391"}],"wp:term":[{"taxonomy":"category","embeddable":true,"href":"https:\/\/circuitfrancobelge.com\/index.php\/wp-json\/wp\/v2\/categories?post=13391"},{"taxonomy":"post_tag","embeddable":true,"href":"https:\/\/circuitfrancobelge.com\/index.php\/wp-json\/wp\/v2\/tags?post=13391"}],"curies":[{"name":"wp","href":"https:\/\/api.w.org\/{rel}","templated":true}]}}