{"id":2026,"date":"2021-03-01T12:35:00","date_gmt":"2021-03-01T11:35:00","guid":{"rendered":"http:\/\/circuitfrancobelge.com\/?p=2026"},"modified":"2022-07-18T13:26:18","modified_gmt":"2022-07-18T11:26:18","slug":"communique-de-presse-01-03-2021","status":"publish","type":"post","link":"https:\/\/circuitfrancobelge.com\/index.php\/2021\/03\/01\/communique-de-presse-01-03-2021\/","title":{"rendered":"Communiqu\u00e9 de presse (01\/03\/2021)"},"content":{"rendered":"\n<h4 class=\"wp-block-heading\">Communiqu\u00e9 de presse (01\/03\/2021)<\/h4>\n\n\n\n<p>Suite aux annonces gouvernementales et dans le respect des r\u00e8gles sanitaires pour l\u2019organisation de manifestation sportive, nous devons reporter nos&nbsp;<strong>deux courses de Templeuve (10 mars)<\/strong>&nbsp;et&nbsp;<strong>d\u2019Esplechin (17 mars)<\/strong>&nbsp;\u00e0 une&nbsp;<strong>date ult\u00e9rieure<\/strong>. Pour les coureurs d\u00e9j\u00e0 inscrits, merci de nous contacter.<\/p>\n\n\n\n<p>Contacts<\/p>\n\n\n\n<p><strong>Pour Templeuve :<\/strong>&nbsp;Louis Cousaert \u2013 0491 8 61 19<br><strong>Pour Esplechin :<\/strong>&nbsp;Remy Delmarquette \u2013 0474 47 43 91<br><a rel=\"noreferrer noopener\" href=\"https:\/\/circuitfrancobelge.com\/wp-content\/uploads\/2021\/03\/CP_REMISE_TEMPLEUVE_ESPLECHIN.pdf\" target=\"_blank\"><br>Communiqu\u00e9 de presse<\/a><\/p>\n","protected":false},"excerpt":{"rendered":"<p>Communiqu\u00e9 de presse (01\/03\/2021) Suite aux annonces gouvernementales et dans le respect des r\u00e8gles sanitaires pour l\u2019organisation de manifestation sportive, nous devons reporter nos&nbsp;deux courses de Templeuve (10 mars)&nbsp;et&nbsp;d\u2019Esplechin (17 mars)&nbsp;\u00e0 une&nbsp;date ult\u00e9rieure. Pour les coureurs d\u00e9j\u00e0 inscrits, merci de nous contacter. Contacts Pour Templeuve :&nbsp;Louis Cousaert \u2013 0491 8 61 19Pour Esplechin :&nbsp;Remy Delmarquette &hellip;<\/p>\n<p class=\"read-more\"> <a class=\"\" href=\"https:\/\/circuitfrancobelge.com\/index.php\/2021\/03\/01\/communique-de-presse-01-03-2021\/\"> <span class=\"screen-reader-text\">Communiqu\u00e9 de presse (01\/03\/2021)<\/span> Lire la suite\u00a0\u00bb<\/a><\/p>\n","protected":false},"author":1,"featured_media":2028,"comment_status":"closed","ping_status":"closed","sticky":false,"template":"","format":"standard","meta":{"site-sidebar-layout":"default","site-content-layout":"default","ast-global-header-display":"","ast-main-header-display":"","ast-hfb-above-header-display":"","ast-hfb-below-header-display":"","ast-hfb-mobile-header-display":"","site-post-title":"","ast-breadcrumbs-content":"","ast-featured-img":"disabled","footer-sml-layout":"","theme-transparent-header-meta":"","adv-header-id-meta":"","stick-header-meta":"","header-above-stick-meta":"","header-main-stick-meta":"","header-below-stick-meta":"","pgc_sgb_lightbox_settings":"","footnotes":""},"categories":[35],"tags":[],"class_list":["post-2026","post","type-post","status-publish","format-standard","has-post-thumbnail","hentry","category-news"],"_links":{"self":[{"href":"https:\/\/circuitfrancobelge.com\/index.php\/wp-json\/wp\/v2\/posts\/2026","targetHints":{"allow":["GET"]}}],"collection":[{"href":"https:\/\/circuitfrancobelge.com\/index.php\/wp-json\/wp\/v2\/posts"}],"about":[{"href":"https:\/\/circuitfrancobelge.com\/index.php\/wp-json\/wp\/v2\/types\/post"}],"author":[{"embeddable":true,"href":"https:\/\/circuitfrancobelge.com\/index.php\/wp-json\/wp\/v2\/users\/1"}],"replies":[{"embeddable":true,"href":"https:\/\/circuitfrancobelge.com\/index.php\/wp-json\/wp\/v2\/comments?post=2026"}],"version-history":[{"count":2,"href":"https:\/\/circuitfrancobelge.com\/index.php\/wp-json\/wp\/v2\/posts\/2026\/revisions"}],"predecessor-version":[{"id":2029,"href":"https:\/\/circuitfrancobelge.com\/index.php\/wp-json\/wp\/v2\/posts\/2026\/revisions\/2029"}],"wp:featuredmedia":[{"embeddable":true,"href":"https:\/\/circuitfrancobelge.com\/index.php\/wp-json\/wp\/v2\/media\/2028"}],"wp:attachment":[{"href":"https:\/\/circuitfrancobelge.com\/index.php\/wp-json\/wp\/v2\/media?parent=2026"}],"wp:term":[{"taxonomy":"category","embeddable":true,"href":"https:\/\/circuitfrancobelge.com\/index.php\/wp-json\/wp\/v2\/categories?post=2026"},{"taxonomy":"post_tag","embeddable":true,"href":"https:\/\/circuitfrancobelge.com\/index.php\/wp-json\/wp\/v2\/tags?post=2026"}],"curies":[{"name":"wp","href":"https:\/\/api.w.org\/{rel}","templated":true}]}}