{"id":2030,"date":"2021-04-07T13:20:00","date_gmt":"2021-04-07T11:20:00","guid":{"rendered":"http:\/\/circuitfrancobelge.com\/?p=2030"},"modified":"2022-07-18T13:24:06","modified_gmt":"2022-07-18T11:24:06","slug":"communique-de-presse-07-04-2021","status":"publish","type":"post","link":"https:\/\/circuitfrancobelge.com\/index.php\/2021\/04\/07\/communique-de-presse-07-04-2021\/","title":{"rendered":"Communiqu\u00e9 de presse (07\/04\/2021)"},"content":{"rendered":"\n<p>Suite \u00e0 la r\u00e9union de ce jour avec Belgian Cycling, la F\u00e9d\u00e9ration Wallonie-Bruxelles (FCWB) et les organisateurs de l&rsquo;Eurom\u00e9tropole Tour, la Famenne Ardenne Classic, une nouvelle date d&rsquo;organisation a \u00e9t\u00e9&nbsp;d\u00e9finie pour le 80\u00e8me Eurom\u00e9tropole Tour : le mercredi 29 septembre prochain.<\/p>\n\n\n\n<p>Suite \u00e0&nbsp;l&rsquo;annonce du report de Paris-Roubaix au 3 octobre, l&rsquo;Eurom\u00e9tropole Tour ne pouvait s&rsquo;organiser le 2 octobre. La date du mercredi 29 septembre permet le maintien de cette grande course organis\u00e9e par le Royal Cazeau P\u00e9dale. Cette nouvelle date entre les Championnats du Monde de Louvain (26 septembre) et Paris-Roubaix (4 octobre) proposera sans aucun doute un plateau de haut niveau.<\/p>\n\n\n\n<p>Le parcours initial entre Tournai et la Louvi\u00e8re reste d\u2019actualit\u00e9.<\/p>\n\n\n\n<p>Contacts<\/p>\n\n\n\n<p>Louis Cousaert, pr\u00e9sident de l\u2019Eurom\u00e9tropole Tour au +32 491\/08.61.19<br>Fr\u00e9d\u00e9ric Vandenboogaerde, responsable m\u00e9dias +33 6\/100.726.53<\/p>\n","protected":false},"excerpt":{"rendered":"<p>Suite \u00e0 la r\u00e9union de ce jour avec Belgian Cycling, la F\u00e9d\u00e9ration Wallonie-Bruxelles (FCWB) et les organisateurs de l&rsquo;Eurom\u00e9tropole Tour, la Famenne Ardenne Classic, une nouvelle date d&rsquo;organisation a \u00e9t\u00e9&nbsp;d\u00e9finie pour le 80\u00e8me Eurom\u00e9tropole Tour : le mercredi 29 septembre prochain. Suite \u00e0&nbsp;l&rsquo;annonce du report de Paris-Roubaix au 3 octobre, l&rsquo;Eurom\u00e9tropole Tour ne pouvait s&rsquo;organiser &hellip;<\/p>\n<p class=\"read-more\"> <a class=\"\" href=\"https:\/\/circuitfrancobelge.com\/index.php\/2021\/04\/07\/communique-de-presse-07-04-2021\/\"> <span class=\"screen-reader-text\">Communiqu\u00e9 de presse (07\/04\/2021)<\/span> Lire la suite\u00a0\u00bb<\/a><\/p>\n","protected":false},"author":1,"featured_media":1457,"comment_status":"closed","ping_status":"closed","sticky":false,"template":"","format":"standard","meta":{"site-sidebar-layout":"default","site-content-layout":"default","ast-global-header-display":"","ast-main-header-display":"","ast-hfb-above-header-display":"","ast-hfb-below-header-display":"","ast-hfb-mobile-header-display":"","site-post-title":"","ast-breadcrumbs-content":"","ast-featured-img":"","footer-sml-layout":"","theme-transparent-header-meta":"","adv-header-id-meta":"","stick-header-meta":"","header-above-stick-meta":"","header-main-stick-meta":"","header-below-stick-meta":"","pgc_sgb_lightbox_settings":"","footnotes":""},"categories":[35],"tags":[],"class_list":["post-2030","post","type-post","status-publish","format-standard","has-post-thumbnail","hentry","category-news"],"_links":{"self":[{"href":"https:\/\/circuitfrancobelge.com\/index.php\/wp-json\/wp\/v2\/posts\/2030","targetHints":{"allow":["GET"]}}],"collection":[{"href":"https:\/\/circuitfrancobelge.com\/index.php\/wp-json\/wp\/v2\/posts"}],"about":[{"href":"https:\/\/circuitfrancobelge.com\/index.php\/wp-json\/wp\/v2\/types\/post"}],"author":[{"embeddable":true,"href":"https:\/\/circuitfrancobelge.com\/index.php\/wp-json\/wp\/v2\/users\/1"}],"replies":[{"embeddable":true,"href":"https:\/\/circuitfrancobelge.com\/index.php\/wp-json\/wp\/v2\/comments?post=2030"}],"version-history":[{"count":2,"href":"https:\/\/circuitfrancobelge.com\/index.php\/wp-json\/wp\/v2\/posts\/2030\/revisions"}],"predecessor-version":[{"id":2032,"href":"https:\/\/circuitfrancobelge.com\/index.php\/wp-json\/wp\/v2\/posts\/2030\/revisions\/2032"}],"wp:featuredmedia":[{"embeddable":true,"href":"https:\/\/circuitfrancobelge.com\/index.php\/wp-json\/wp\/v2\/media\/1457"}],"wp:attachment":[{"href":"https:\/\/circuitfrancobelge.com\/index.php\/wp-json\/wp\/v2\/media?parent=2030"}],"wp:term":[{"taxonomy":"category","embeddable":true,"href":"https:\/\/circuitfrancobelge.com\/index.php\/wp-json\/wp\/v2\/categories?post=2030"},{"taxonomy":"post_tag","embeddable":true,"href":"https:\/\/circuitfrancobelge.com\/index.php\/wp-json\/wp\/v2\/tags?post=2030"}],"curies":[{"name":"wp","href":"https:\/\/api.w.org\/{rel}","templated":true}]}}