{"id":2033,"date":"2021-07-13T13:24:00","date_gmt":"2021-07-13T11:24:00","guid":{"rendered":"http:\/\/circuitfrancobelge.com\/?p=2033"},"modified":"2022-07-18T13:25:59","modified_gmt":"2022-07-18T11:25:59","slug":"communique-de-presse-13-07-2021","status":"publish","type":"post","link":"https:\/\/circuitfrancobelge.com\/index.php\/2021\/07\/13\/communique-de-presse-13-07-2021\/","title":{"rendered":"Communiqu\u00e9 de presse (13\/07\/2021)"},"content":{"rendered":"\n<p>UN JEUNE CYCLISTE DE 80 ANS !<\/p>\n\n\n\n<p><strong>L\u2019Eurom\u00e9tropole Tour f\u00eatera ses 80 ans le 29 septembre prochain.<\/strong> Un anniversaire qui annonce une course, un plateau et un engouement m\u00e9diatique exceptionnels. L\u2019\u00e9preuve aura lieu entre La Louvi\u00e8re et Tournai et se terminera par un <strong>superbe circuit final.<\/strong><\/p>\n\n\n\n<p>Apr\u00e8s son annulation en 2020, due \u00e0 la pand\u00e9mie Covid-19, le Cazeau P\u00e9dale Templeuve, l\u2019organisateur, souhaite en 2021 :<\/p>\n\n\n\n<p>\u2022 Organiser l\u2019une des plus grandes courses de Belgique \u00e0 la sortie de la crise sanitaire.<\/p>\n\n\n\n<p>\u2022 Profiter d\u2019un calendrier favorable qui la situe id\u00e9alement entre les championnats du monde de Louvain (le 26 septembre) et Paris-Roubaix (le 3 octobre) ; l\u2019affiche s\u2019annonce prestigieuse !<\/p>\n\n\n\n<p><strong>\u2022 Faire de cette \u00e9dition 2021<\/strong>, plus que jamais, <strong>un moment festif et convivial.<\/strong><\/p>\n\n\n\n<p><strong>En 2019, le vainqueur est Piet Allegaert, aujourd\u2019hui chez Cofidis et \u00e0 l\u2019\u00e9poque chez Sport Vlaanderen-Baloise. Le Fran\u00e7ais Florian S\u00e9n\u00e9chal se classe second devant un autre Belge Jasper Stuyven.<\/strong><\/p>\n\n\n\n<p>C\u2019est la 80\u00e8me \u00e9dition d\u2019une \u00e9preuve qui a d\u00e9but\u00e9 en 1924 par la victoire du coureur fran\u00e7ais Julien Perrain. Le premier coureur belge \u00e0 gagner sera Julien Vervaecke. Tout au long de son histoire, elle a eu diff\u00e9rentes appellations : le circuit franco-belge (jusqu\u2019en 2010), le Tour de Wallonie picarde (en 2011) puis l\u2019Eurom\u00e9tropole Tour depuis 2010. En 2020, elle int\u00e8gre l\u2019UCI Pro Series.<\/p>\n\n\n\n<p>De nombreux grands noms de l\u2019histoire du cyclisme ont remport\u00e9 l\u2019Eurom\u00e9tropole Tour. Parmi, les grands vainqueurs notons : Rudy Dhaenens (1977), Viatcheslav Ekimov (1989), Mario Aerts (1997), Daniele Nardello (2000), Robbie McEwen (2002 et 2011), Juan Antonie Flecha (2008), Arnaud D\u00e9mare (2014), Dylan Groenewegen (2016) et Mads Pedersen en 2018. Tom Boonen figure aussi \u00e0 son palmar\u00e8s avec deux \u00e9tapes en 2008 et 2009.<\/p>\n\n\n\n<p>Cette \u00e9dition sera aussi marqu\u00e9e par une grande exposition qui retracera 80 ans de cyclisme wallon.<\/p>\n\n\n\n<p>Qui succ\u00e9dera \u00e0 Piet Allegaert \u00e0 Tournai ?<\/p>\n\n\n\n<p>R\u00e9ponse le 29 septembre prochain vers 17h\u2026<\/p>\n","protected":false},"excerpt":{"rendered":"<p>UN JEUNE CYCLISTE DE 80 ANS ! L\u2019Eurom\u00e9tropole Tour f\u00eatera ses 80 ans le 29 septembre prochain. Un anniversaire qui annonce une course, un plateau et un engouement m\u00e9diatique exceptionnels. L\u2019\u00e9preuve aura lieu entre La Louvi\u00e8re et Tournai et se terminera par un superbe circuit final. Apr\u00e8s son annulation en 2020, due \u00e0 la pand\u00e9mie &hellip;<\/p>\n<p class=\"read-more\"> <a class=\"\" href=\"https:\/\/circuitfrancobelge.com\/index.php\/2021\/07\/13\/communique-de-presse-13-07-2021\/\"> <span class=\"screen-reader-text\">Communiqu\u00e9 de presse (13\/07\/2021)<\/span> Lire la suite\u00a0\u00bb<\/a><\/p>\n","protected":false},"author":1,"featured_media":2028,"comment_status":"closed","ping_status":"closed","sticky":false,"template":"","format":"standard","meta":{"site-sidebar-layout":"default","site-content-layout":"default","ast-global-header-display":"","ast-main-header-display":"","ast-hfb-above-header-display":"","ast-hfb-below-header-display":"","ast-hfb-mobile-header-display":"","site-post-title":"","ast-breadcrumbs-content":"","ast-featured-img":"disabled","footer-sml-layout":"","theme-transparent-header-meta":"","adv-header-id-meta":"","stick-header-meta":"","header-above-stick-meta":"","header-main-stick-meta":"","header-below-stick-meta":"","pgc_sgb_lightbox_settings":"","footnotes":""},"categories":[35],"tags":[],"class_list":["post-2033","post","type-post","status-publish","format-standard","has-post-thumbnail","hentry","category-news"],"_links":{"self":[{"href":"https:\/\/circuitfrancobelge.com\/index.php\/wp-json\/wp\/v2\/posts\/2033","targetHints":{"allow":["GET"]}}],"collection":[{"href":"https:\/\/circuitfrancobelge.com\/index.php\/wp-json\/wp\/v2\/posts"}],"about":[{"href":"https:\/\/circuitfrancobelge.com\/index.php\/wp-json\/wp\/v2\/types\/post"}],"author":[{"embeddable":true,"href":"https:\/\/circuitfrancobelge.com\/index.php\/wp-json\/wp\/v2\/users\/1"}],"replies":[{"embeddable":true,"href":"https:\/\/circuitfrancobelge.com\/index.php\/wp-json\/wp\/v2\/comments?post=2033"}],"version-history":[{"count":1,"href":"https:\/\/circuitfrancobelge.com\/index.php\/wp-json\/wp\/v2\/posts\/2033\/revisions"}],"predecessor-version":[{"id":2034,"href":"https:\/\/circuitfrancobelge.com\/index.php\/wp-json\/wp\/v2\/posts\/2033\/revisions\/2034"}],"wp:featuredmedia":[{"embeddable":true,"href":"https:\/\/circuitfrancobelge.com\/index.php\/wp-json\/wp\/v2\/media\/2028"}],"wp:attachment":[{"href":"https:\/\/circuitfrancobelge.com\/index.php\/wp-json\/wp\/v2\/media?parent=2033"}],"wp:term":[{"taxonomy":"category","embeddable":true,"href":"https:\/\/circuitfrancobelge.com\/index.php\/wp-json\/wp\/v2\/categories?post=2033"},{"taxonomy":"post_tag","embeddable":true,"href":"https:\/\/circuitfrancobelge.com\/index.php\/wp-json\/wp\/v2\/tags?post=2033"}],"curies":[{"name":"wp","href":"https:\/\/api.w.org\/{rel}","templated":true}]}}